{"id":7035,"date":"2023-11-29T22:00:36","date_gmt":"2023-11-29T22:00:36","guid":{"rendered":"https:\/\/www.fundauney.org\/?p=7035"},"modified":"2023-12-06T15:48:50","modified_gmt":"2023-12-06T15:48:50","slug":"la-uney-presenta-nueva-junta-directiva-de-fundauney","status":"publish","type":"post","link":"https:\/\/www.fundauney.org\/?p=7035","title":{"rendered":"La UNEY presenta nueva Junta Directiva de Fundauney"},"content":{"rendered":"\n<p>Este jueves 19 de octubre, se llev\u00f3 a cabo en las instalaciones de la Universidad Nacional Experimental del Yaracuy, la toma de posesi\u00f3n (por Resoluci\u00f3n de Consejo Universitario) de los nuevos integrantes de la Fundaci\u00f3n Universitaria de Desarrollo Profesional, Acad\u00e9mico, Tecnol\u00f3gico y Tur\u00edstico de la UNEY (FUNDAUNEY) para el periodo 2024-2027. El rector Wullian Mendoza presidi\u00f3 el acto de instalaci\u00f3n, agradeciendo la gesti\u00f3n del Dr. Eduardo Arrieta por las acciones y el apoyo a lo largo de estos 4 a\u00f1os de gesti\u00f3n. Seguidamente, present\u00f3 a los representantes de la nueva Junta Directiva de FUNDAUNEY integrado por:<\/p>\n\n\n\n<p><br>Dr. Jos\u00e9 Prado P\u00e9rez (Presidente)<br>Dra. Maribel Camacho (Vicepresidente)<br>Dr. Manuel Azo Pi\u00f1a (Secretario)<br>Ing. Alejandro Veroes (Primera vocal)<br>Suplente (Primera vocal) Manuel Mu\u00f1oz<br>Segunda vocal: MSc. Aryelis Linarez<br>Suplente (Segunda vocal) Lic. Gilderson Torrealba<\/p>\n\n\n\n<p><br>El Dr. Wullian Mendoza manifest\u00f3, adem\u00e1s, que cada uno de estos profesionales poseen una dilatada trayectoria en quienes se deposita esta responsabilidad para organizar y apoyar las acciones de gesti\u00f3n y extensi\u00f3n que se desarrollan en esta importante Fundaci\u00f3n, para beneficio de toda la comunidad universitaria de la UNEY.<\/p>\n\n\n\n<p><br>Finalmente, el nuevo presidente, Dr. Jos\u00e9 Prado declar\u00f3 a las autoridades rectorales y a la comunidad en general, su profundo agradecimiento en nombre de todos los miembros, resaltando que esta nueva gesti\u00f3n significar\u00e1 un cambio importante para continuar la tarea de abono a la acci\u00f3n acad\u00e9mica y sociocultural que desarrollamos desde la UNEY.<\/p>\n","protected":false},"excerpt":{"rendered":"<p>Este jueves 19 de octubre, se llev\u00f3 a cabo en las instalaciones de la Universidad Nacional Experimental del Yaracuy, la toma de posesi\u00f3n (por Resoluci\u00f3n de Consejo Universitario) de los nuevos integrantes de la Fundaci\u00f3n Universitaria de Desarrollo Profesional, Acad\u00e9mico, Tecnol\u00f3gico y Tur\u00edstico de la UNEY (FUNDAUNEY) para el periodo 2024-2027. El rector Wullian Mendoza [&hellip;]<\/p>\n","protected":false},"author":3,"featured_media":7036,"comment_status":"open","ping_status":"open","sticky":false,"template":"","format":"standard","meta":{"footnotes":""},"categories":[79],"tags":[],"class_list":["post-7035","post","type-post","status-publish","format-standard","has-post-thumbnail","hentry","category-noticia"],"_links":{"self":[{"href":"https:\/\/www.fundauney.org\/index.php?rest_route=\/wp\/v2\/posts\/7035","targetHints":{"allow":["GET"]}}],"collection":[{"href":"https:\/\/www.fundauney.org\/index.php?rest_route=\/wp\/v2\/posts"}],"about":[{"href":"https:\/\/www.fundauney.org\/index.php?rest_route=\/wp\/v2\/types\/post"}],"author":[{"embeddable":true,"href":"https:\/\/www.fundauney.org\/index.php?rest_route=\/wp\/v2\/users\/3"}],"replies":[{"embeddable":true,"href":"https:\/\/www.fundauney.org\/index.php?rest_route=%2Fwp%2Fv2%2Fcomments&post=7035"}],"version-history":[{"count":5,"href":"https:\/\/www.fundauney.org\/index.php?rest_route=\/wp\/v2\/posts\/7035\/revisions"}],"predecessor-version":[{"id":7126,"href":"https:\/\/www.fundauney.org\/index.php?rest_route=\/wp\/v2\/posts\/7035\/revisions\/7126"}],"wp:featuredmedia":[{"embeddable":true,"href":"https:\/\/www.fundauney.org\/index.php?rest_route=\/wp\/v2\/media\/7036"}],"wp:attachment":[{"href":"https:\/\/www.fundauney.org\/index.php?rest_route=%2Fwp%2Fv2%2Fmedia&parent=7035"}],"wp:term":[{"taxonomy":"category","embeddable":true,"href":"https:\/\/www.fundauney.org\/index.php?rest_route=%2Fwp%2Fv2%2Fcategories&post=7035"},{"taxonomy":"post_tag","embeddable":true,"href":"https:\/\/www.fundauney.org\/index.php?rest_route=%2Fwp%2Fv2%2Ftags&post=7035"}],"curies":[{"name":"wp","href":"https:\/\/api.w.org\/{rel}","templated":true}]}}