{"id":7105,"date":"2023-12-06T14:34:36","date_gmt":"2023-12-06T14:34:36","guid":{"rendered":"https:\/\/www.fundauney.org\/?p=7105"},"modified":"2023-12-11T15:34:17","modified_gmt":"2023-12-11T15:34:17","slug":"la-fundacion-universitaria-de-desarrollo-profesional-academico-tecnologico-y-turistico-de-la-uney-fundauney-en-reunion-de-asamblea-extraordinaria","status":"publish","type":"post","link":"https:\/\/www.fundauney.org\/?p=7105","title":{"rendered":"La FUNDACI\u00d3N UNIVERSITARIA DE DESARROLLO PROFESIONAL, ACAD\u00c9MICO, TECNOL\u00d3GICO Y TUR\u00cdSTICO DE LA UNEY (FUNDAUNEY) en reuni\u00f3n de asamblea extraordinaria"},"content":{"rendered":"\n<p>La FUNDACI\u00d3N UNIVERSITARIA DE DESARROLLO PROFESIONAL, ACAD\u00c9MICO, TECNOL\u00d3GICO Y TUR\u00cdSTICO DE LA UNEY (FUNDAUNEY) en reuni\u00f3n de asamblea extraordinaria, hizo oficial este 01 de noviembre la conformaci\u00f3n de la nueva junta directiva presidida por el Dr. Jos\u00e9 Rafael Prado P\u00e9rez para el per\u00edodo comprendido 2024-2027, tal como lo estipula los estatutos de la Fundaci\u00f3n.<br>Prado, que estar\u00e1 acompa\u00f1ado en este tren directivo por: Maribel Camacho como vicepresidenta, Manuel Azo como Secretario y los vocales Alejandro Veroes, Aryelis Linarez, Manuel Mu\u00f1oz y Gilderson Torrealba, dar\u00e1 inicio a sus labores de manera inmediata con un cronograma de proyectos y planes de acci\u00f3n a trav\u00e9s del trabajo en equipo, principio fundamental en la gerencia moderna. Al respecto manifest\u00f3 el Dr. Prado: que \u201cel enfoque planteado para esta nueva gerencia comienza con el dise\u00f1o de una estructura organizativa cuyo objetivo es mantener una organizaci\u00f3n orientada sobre la base de una relaci\u00f3n de gerencias corporativas con las unidades negocios y con una clara definici\u00f3n de su modelo con miras a reforzar la misi\u00f3n de la Fundauney\u201d.<\/p>\n\n\n\n<p><br>Seguidamente, como segundo punto de la asamblea, y con la aprobaci\u00f3n de sus miembros, el Presidente design\u00f3 a los ciudadanos Mar\u00eda Quintero Escalona como Administradora y Luis Mej\u00edas como consultor jur\u00eddico de la Fundaci\u00f3n.<br>Finalmente, el presidente Jos\u00e9 Prado y la vicepresidente Maribel Camacho, agradecieron a las Autoridades Rectorales de la UNEY y al Consejo Universitario, por la confianza depositada en este equipo. <\/p>\n","protected":false},"excerpt":{"rendered":"<p>La FUNDACI\u00d3N UNIVERSITARIA DE DESARROLLO PROFESIONAL, ACAD\u00c9MICO, TECNOL\u00d3GICO Y TUR\u00cdSTICO DE LA UNEY (FUNDAUNEY) en reuni\u00f3n de asamblea extraordinaria, hizo oficial este 01 de noviembre la conformaci\u00f3n de la nueva junta directiva presidida por el Dr. Jos\u00e9 Rafael Prado P\u00e9rez para el per\u00edodo comprendido 2024-2027, tal como lo estipula los estatutos de la Fundaci\u00f3n.Prado, que [&hellip;]<\/p>\n","protected":false},"author":3,"featured_media":7168,"comment_status":"open","ping_status":"open","sticky":false,"template":"","format":"standard","meta":{"footnotes":""},"categories":[79],"tags":[],"class_list":["post-7105","post","type-post","status-publish","format-standard","has-post-thumbnail","hentry","category-noticia"],"_links":{"self":[{"href":"https:\/\/www.fundauney.org\/index.php?rest_route=\/wp\/v2\/posts\/7105","targetHints":{"allow":["GET"]}}],"collection":[{"href":"https:\/\/www.fundauney.org\/index.php?rest_route=\/wp\/v2\/posts"}],"about":[{"href":"https:\/\/www.fundauney.org\/index.php?rest_route=\/wp\/v2\/types\/post"}],"author":[{"embeddable":true,"href":"https:\/\/www.fundauney.org\/index.php?rest_route=\/wp\/v2\/users\/3"}],"replies":[{"embeddable":true,"href":"https:\/\/www.fundauney.org\/index.php?rest_route=%2Fwp%2Fv2%2Fcomments&post=7105"}],"version-history":[{"count":5,"href":"https:\/\/www.fundauney.org\/index.php?rest_route=\/wp\/v2\/posts\/7105\/revisions"}],"predecessor-version":[{"id":7187,"href":"https:\/\/www.fundauney.org\/index.php?rest_route=\/wp\/v2\/posts\/7105\/revisions\/7187"}],"wp:featuredmedia":[{"embeddable":true,"href":"https:\/\/www.fundauney.org\/index.php?rest_route=\/wp\/v2\/media\/7168"}],"wp:attachment":[{"href":"https:\/\/www.fundauney.org\/index.php?rest_route=%2Fwp%2Fv2%2Fmedia&parent=7105"}],"wp:term":[{"taxonomy":"category","embeddable":true,"href":"https:\/\/www.fundauney.org\/index.php?rest_route=%2Fwp%2Fv2%2Fcategories&post=7105"},{"taxonomy":"post_tag","embeddable":true,"href":"https:\/\/www.fundauney.org\/index.php?rest_route=%2Fwp%2Fv2%2Ftags&post=7105"}],"curies":[{"name":"wp","href":"https:\/\/api.w.org\/{rel}","templated":true}]}}