{"id":7348,"date":"2024-06-04T13:12:29","date_gmt":"2024-06-04T13:12:29","guid":{"rendered":"https:\/\/www.fundauney.org\/?p=7348"},"modified":"2024-06-04T13:15:27","modified_gmt":"2024-06-04T13:15:27","slug":"reanudacion-de-convenio-fundauney-y-grupo-cieg","status":"publish","type":"post","link":"https:\/\/www.fundauney.org\/?p=7348","title":{"rendered":"Reanudaci\u00f3n de convenio FUNDAUNEY y Grupo CIEG"},"content":{"rendered":"\t\t<div data-elementor-type=\"wp-post\" data-elementor-id=\"7348\" class=\"elementor elementor-7348\">\n\t\t\t\t<div class=\"elementor-element elementor-element-3fe44c9 e-flex e-con-boxed e-con e-parent\" data-id=\"3fe44c9\" data-element_type=\"container\">\n\t\t\t\t\t<div class=\"e-con-inner\">\n\t\t\t\t<div class=\"elementor-element elementor-element-0df18fd elementor-widget elementor-widget-text-editor\" data-id=\"0df18fd\" data-element_type=\"widget\" data-widget_type=\"text-editor.default\">\n\t\t\t\t<div class=\"elementor-widget-container\">\n\t\t\t<style>\/*! elementor - v3.21.0 - 20-05-2024 *\/\n.elementor-widget-text-editor.elementor-drop-cap-view-stacked .elementor-drop-cap{background-color:#69727d;color:#fff}.elementor-widget-text-editor.elementor-drop-cap-view-framed .elementor-drop-cap{color:#69727d;border:3px solid;background-color:transparent}.elementor-widget-text-editor:not(.elementor-drop-cap-view-default) .elementor-drop-cap{margin-top:8px}.elementor-widget-text-editor:not(.elementor-drop-cap-view-default) .elementor-drop-cap-letter{width:1em;height:1em}.elementor-widget-text-editor .elementor-drop-cap{float:left;text-align:center;line-height:1;font-size:50px}.elementor-widget-text-editor .elementor-drop-cap-letter{display:inline-block}<\/style>\t\t\t\t<p><span style=\"vertical-align: inherit;\"><span style=\"vertical-align: inherit;\">Este lunes 3 de junio en las instalaciones de la Qta Alci\u00f3n (Sede de la UNEY) se llev\u00f3 a cabo la firma para la reanudaci\u00f3n del convenio Marco de Cooperaci\u00f3n y Fomento Acad\u00e9mico y de Investigaci\u00f3n entre la FUNDAUNEY y Grupo CIEG. <\/span><\/span><br \/><span style=\"vertical-align: inherit;\"><span style=\"vertical-align: inherit;\">Las buenas relaciones entre ambas instituciones han permitido desarrollar proyectos como la creaci\u00f3n y consolidaci\u00f3n de los postdoctorados en Gerencia Postconvencional, Pol\u00edticas P\u00fablicas y Educaci\u00f3n y Filosof\u00eda e Investigaci\u00f3n. Asimismo, se contempla la planificaci\u00f3n y ejecuci\u00f3n de programas, congresos y diplomados en \u00e1reas de inter\u00e9s com\u00fan. En ese sentido, la renovaci\u00f3n de esta colaboraci\u00f3n atestigua el compromiso y la confianza mutua profesada por ambas instituciones. <\/span><\/span><br \/><span style=\"vertical-align: inherit;\"><span style=\"vertical-align: inherit;\">La firma del importante acuerdo estuvo a cargo del Dr. Jos\u00e9 Rafael Prado P\u00e9rez, Presidente de la FUNDAUNEY y el Dr. Mario Ram\u00edrez P\u00e9rez, Director General del Centro de Investigaci\u00f3n y Estudios Gerenciales (CIEG), quienes se mostraron complacidos por tan relevante alianza para ambas partes.<img decoding=\"async\" class=\" wp-image-7350 alignleft\" src=\"https:\/\/www.fundauney.org\/wp-content\/uploads\/2024\/06\/WhatsApp-Image-2024-06-04-at-7.21.22-AM-300x172.jpeg\" alt=\"\" width=\"246\" height=\"141\" srcset=\"https:\/\/www.fundauney.org\/wp-content\/uploads\/2024\/06\/WhatsApp-Image-2024-06-04-at-7.21.22-AM-300x172.jpeg 300w, https:\/\/www.fundauney.org\/wp-content\/uploads\/2024\/06\/WhatsApp-Image-2024-06-04-at-7.21.22-AM-1024x588.jpeg 1024w, https:\/\/www.fundauney.org\/wp-content\/uploads\/2024\/06\/WhatsApp-Image-2024-06-04-at-7.21.22-AM-768x441.jpeg 768w, https:\/\/www.fundauney.org\/wp-content\/uploads\/2024\/06\/WhatsApp-Image-2024-06-04-at-7.21.22-AM-570x327.jpeg 570w, https:\/\/www.fundauney.org\/wp-content\/uploads\/2024\/06\/WhatsApp-Image-2024-06-04-at-7.21.22-AM-270x155.jpeg 270w, https:\/\/www.fundauney.org\/wp-content\/uploads\/2024\/06\/WhatsApp-Image-2024-06-04-at-7.21.22-AM.jpeg 1080w\" sizes=\"(max-width: 246px) 100vw, 246px\" \/> <\/span><\/span><br \/><span style=\"vertical-align: inherit;\"><span style=\"vertical-align: inherit;\">El acto cont\u00f3 adem\u00e1s con la presencia de la Vicepresidente de la FUNDAUNEY, Dra Maribel Camacho, el Secretario General de la UNEY y miembro del equipo de trabajo de la Direcci\u00f3n de Investigaci\u00f3n y Postgrado, Dr. Mario Yovera Reyes, el Abg. Luis Mej\u00edas y la TSU Mar\u00eda Jos\u00e9 Quintero (consultor jur\u00eddico y administradora de la FUNDAUNEY).<\/span><\/span><\/p>\t\t\t\t\t\t<\/div>\n\t\t\t\t<\/div>\n\t\t\t\t\t<\/div>\n\t\t\t\t<\/div>\n\t\t\t\t<\/div>\n\t\t","protected":false},"excerpt":{"rendered":"<p>Este lunes 3 de junio en las instalaciones de la Qta Alci\u00f3n (Sede de la UNEY) se llev\u00f3 a cabo la firma para la reanudaci\u00f3n del convenio Marco de Cooperaci\u00f3n y Fomento Acad\u00e9mico y de Investigaci\u00f3n entre la FUNDAUNEY y Grupo CIEG. Las buenas relaciones entre ambas instituciones han permitido desarrollar proyectos como la creaci\u00f3n [&hellip;]<\/p>\n","protected":false},"author":3,"featured_media":7349,"comment_status":"open","ping_status":"open","sticky":false,"template":"","format":"standard","meta":{"footnotes":""},"categories":[79],"tags":[],"class_list":["post-7348","post","type-post","status-publish","format-standard","has-post-thumbnail","hentry","category-noticia"],"_links":{"self":[{"href":"https:\/\/www.fundauney.org\/index.php?rest_route=\/wp\/v2\/posts\/7348","targetHints":{"allow":["GET"]}}],"collection":[{"href":"https:\/\/www.fundauney.org\/index.php?rest_route=\/wp\/v2\/posts"}],"about":[{"href":"https:\/\/www.fundauney.org\/index.php?rest_route=\/wp\/v2\/types\/post"}],"author":[{"embeddable":true,"href":"https:\/\/www.fundauney.org\/index.php?rest_route=\/wp\/v2\/users\/3"}],"replies":[{"embeddable":true,"href":"https:\/\/www.fundauney.org\/index.php?rest_route=%2Fwp%2Fv2%2Fcomments&post=7348"}],"version-history":[{"count":4,"href":"https:\/\/www.fundauney.org\/index.php?rest_route=\/wp\/v2\/posts\/7348\/revisions"}],"predecessor-version":[{"id":7354,"href":"https:\/\/www.fundauney.org\/index.php?rest_route=\/wp\/v2\/posts\/7348\/revisions\/7354"}],"wp:featuredmedia":[{"embeddable":true,"href":"https:\/\/www.fundauney.org\/index.php?rest_route=\/wp\/v2\/media\/7349"}],"wp:attachment":[{"href":"https:\/\/www.fundauney.org\/index.php?rest_route=%2Fwp%2Fv2%2Fmedia&parent=7348"}],"wp:term":[{"taxonomy":"category","embeddable":true,"href":"https:\/\/www.fundauney.org\/index.php?rest_route=%2Fwp%2Fv2%2Fcategories&post=7348"},{"taxonomy":"post_tag","embeddable":true,"href":"https:\/\/www.fundauney.org\/index.php?rest_route=%2Fwp%2Fv2%2Ftags&post=7348"}],"curies":[{"name":"wp","href":"https:\/\/api.w.org\/{rel}","templated":true}]}}