{"id":7484,"date":"2025-09-19T00:33:53","date_gmt":"2025-09-19T00:33:53","guid":{"rendered":"https:\/\/www.fundauney.org\/?p=7484"},"modified":"2025-09-19T00:33:53","modified_gmt":"2025-09-19T00:33:53","slug":"informe-de-gestion-correspondiente-al-segundo-semestre-del-ano-2024","status":"publish","type":"post","link":"https:\/\/www.fundauney.org\/?p=7484","title":{"rendered":"Informe de Gesti\u00f3n correspondiente al segundo semestre del a\u00f1o 2024"},"content":{"rendered":"\n<p>La Junta Directiva de la FUNDAUNEY present\u00f3 este jueves 18 de septiembre de 2025, el II Informe de Gesti\u00f3n correspondiente al segundo semestre del a\u00f1o 2024.<br>El Dr. Jos\u00e9 Rafael Prado P\u00e9rez, presidente de la Fundaci\u00f3n present\u00f3 en detalle los logros alcanzados en materia convenios, programas acad\u00e9micos, cient\u00edficos y tecnol\u00f3gicos. Igualmente destac\u00f3 el apoyo brindado a la UNEY en la recuperaci\u00f3n de nuevos espacios para el desarrollo de las actividades administrativas de la Direcci\u00f3n de Postgrado y otras unidades de la universidad.<br>El Informe centr\u00f3 su exposici\u00f3n en los tres pilares fundamentales: En lo Acad\u00e9mico, lo Jur\u00eddico y lo Administrativo.<br>En lo acad\u00e9mico se destaca la ejecuci\u00f3n de nuevos postdoctorados, diplomados, eventos cient\u00edficos. En el \u00e1mbito jur\u00eddico, se concretaron tres nuevos convenios internacionales: el primero de ellos con POLINORTE, Colombia, el segundo con el Instituto RJ de M\u00e9xico y el tercero con la Universidad Adventista de Chile. Y, por \u00faltimo, en lo administrativo: se dio parte de la sistematizaci\u00f3n del Ejercicio Econ\u00f3mico Financiero del \u00faltimo semestre del 2024.<\/p>\n\n\n\n<p>El informe fue sometido a la consideraci\u00f3n de cada uno de los miembros, siendo aprobado de manera un\u00e1nime por los miembros asistentes.<\/p>\n\n\n\n<figure class=\"wp-block-gallery has-nested-images columns-default is-cropped wp-block-gallery-1 is-layout-flex wp-block-gallery-is-layout-flex\">\n<figure class=\"wp-block-image size-large\"><img fetchpriority=\"high\" decoding=\"async\" width=\"1016\" height=\"762\" data-id=\"7485\" src=\"https:\/\/www.fundauney.org\/wp-content\/uploads\/2025\/09\/Imagen-de-WhatsApp-2025-09-18-a-las-16.40.14_25a87769.jpg\" alt=\"\" class=\"wp-image-7485\" srcset=\"https:\/\/www.fundauney.org\/wp-content\/uploads\/2025\/09\/Imagen-de-WhatsApp-2025-09-18-a-las-16.40.14_25a87769.jpg 1016w, https:\/\/www.fundauney.org\/wp-content\/uploads\/2025\/09\/Imagen-de-WhatsApp-2025-09-18-a-las-16.40.14_25a87769-300x225.jpg 300w, https:\/\/www.fundauney.org\/wp-content\/uploads\/2025\/09\/Imagen-de-WhatsApp-2025-09-18-a-las-16.40.14_25a87769-768x576.jpg 768w, https:\/\/www.fundauney.org\/wp-content\/uploads\/2025\/09\/Imagen-de-WhatsApp-2025-09-18-a-las-16.40.14_25a87769-440x330.jpg 440w, https:\/\/www.fundauney.org\/wp-content\/uploads\/2025\/09\/Imagen-de-WhatsApp-2025-09-18-a-las-16.40.14_25a87769-240x180.jpg 240w\" sizes=\"(max-width: 1016px) 100vw, 1016px\" \/><\/figure>\n\n\n\n<figure class=\"wp-block-image size-large\"><img decoding=\"async\" width=\"1016\" height=\"762\" data-id=\"7486\" src=\"https:\/\/www.fundauney.org\/wp-content\/uploads\/2025\/09\/Imagen-de-WhatsApp-2025-09-18-a-las-16.40.14_a4234986.jpg\" alt=\"\" class=\"wp-image-7486\" srcset=\"https:\/\/www.fundauney.org\/wp-content\/uploads\/2025\/09\/Imagen-de-WhatsApp-2025-09-18-a-las-16.40.14_a4234986.jpg 1016w, https:\/\/www.fundauney.org\/wp-content\/uploads\/2025\/09\/Imagen-de-WhatsApp-2025-09-18-a-las-16.40.14_a4234986-300x225.jpg 300w, https:\/\/www.fundauney.org\/wp-content\/uploads\/2025\/09\/Imagen-de-WhatsApp-2025-09-18-a-las-16.40.14_a4234986-768x576.jpg 768w, https:\/\/www.fundauney.org\/wp-content\/uploads\/2025\/09\/Imagen-de-WhatsApp-2025-09-18-a-las-16.40.14_a4234986-440x330.jpg 440w, https:\/\/www.fundauney.org\/wp-content\/uploads\/2025\/09\/Imagen-de-WhatsApp-2025-09-18-a-las-16.40.14_a4234986-240x180.jpg 240w\" sizes=\"(max-width: 1016px) 100vw, 1016px\" \/><\/figure>\n\n\n\n<figure class=\"wp-block-image size-large\"><img decoding=\"async\" width=\"1016\" height=\"762\" data-id=\"7487\" src=\"https:\/\/www.fundauney.org\/wp-content\/uploads\/2025\/09\/Imagen-de-WhatsApp-2025-09-18-a-las-16.40.14_e120cef1.jpg\" alt=\"\" class=\"wp-image-7487\" srcset=\"https:\/\/www.fundauney.org\/wp-content\/uploads\/2025\/09\/Imagen-de-WhatsApp-2025-09-18-a-las-16.40.14_e120cef1.jpg 1016w, https:\/\/www.fundauney.org\/wp-content\/uploads\/2025\/09\/Imagen-de-WhatsApp-2025-09-18-a-las-16.40.14_e120cef1-300x225.jpg 300w, https:\/\/www.fundauney.org\/wp-content\/uploads\/2025\/09\/Imagen-de-WhatsApp-2025-09-18-a-las-16.40.14_e120cef1-768x576.jpg 768w, https:\/\/www.fundauney.org\/wp-content\/uploads\/2025\/09\/Imagen-de-WhatsApp-2025-09-18-a-las-16.40.14_e120cef1-440x330.jpg 440w, https:\/\/www.fundauney.org\/wp-content\/uploads\/2025\/09\/Imagen-de-WhatsApp-2025-09-18-a-las-16.40.14_e120cef1-240x180.jpg 240w\" sizes=\"(max-width: 1016px) 100vw, 1016px\" \/><\/figure>\n<\/figure>\n","protected":false},"excerpt":{"rendered":"<p>La Junta Directiva de la FUNDAUNEY present\u00f3 este jueves 18 de septiembre de 2025, el II Informe de Gesti\u00f3n correspondiente al segundo semestre del a\u00f1o 2024.El Dr. Jos\u00e9 Rafael Prado P\u00e9rez, presidente de la Fundaci\u00f3n present\u00f3 en detalle los logros alcanzados en materia convenios, programas acad\u00e9micos, cient\u00edficos y tecnol\u00f3gicos. Igualmente destac\u00f3 el apoyo brindado a [&hellip;]<\/p>\n","protected":false},"author":3,"featured_media":7486,"comment_status":"open","ping_status":"open","sticky":false,"template":"","format":"standard","meta":{"footnotes":""},"categories":[79],"tags":[],"class_list":["post-7484","post","type-post","status-publish","format-standard","has-post-thumbnail","hentry","category-noticia"],"_links":{"self":[{"href":"https:\/\/www.fundauney.org\/index.php?rest_route=\/wp\/v2\/posts\/7484","targetHints":{"allow":["GET"]}}],"collection":[{"href":"https:\/\/www.fundauney.org\/index.php?rest_route=\/wp\/v2\/posts"}],"about":[{"href":"https:\/\/www.fundauney.org\/index.php?rest_route=\/wp\/v2\/types\/post"}],"author":[{"embeddable":true,"href":"https:\/\/www.fundauney.org\/index.php?rest_route=\/wp\/v2\/users\/3"}],"replies":[{"embeddable":true,"href":"https:\/\/www.fundauney.org\/index.php?rest_route=%2Fwp%2Fv2%2Fcomments&post=7484"}],"version-history":[{"count":2,"href":"https:\/\/www.fundauney.org\/index.php?rest_route=\/wp\/v2\/posts\/7484\/revisions"}],"predecessor-version":[{"id":7489,"href":"https:\/\/www.fundauney.org\/index.php?rest_route=\/wp\/v2\/posts\/7484\/revisions\/7489"}],"wp:featuredmedia":[{"embeddable":true,"href":"https:\/\/www.fundauney.org\/index.php?rest_route=\/wp\/v2\/media\/7486"}],"wp:attachment":[{"href":"https:\/\/www.fundauney.org\/index.php?rest_route=%2Fwp%2Fv2%2Fmedia&parent=7484"}],"wp:term":[{"taxonomy":"category","embeddable":true,"href":"https:\/\/www.fundauney.org\/index.php?rest_route=%2Fwp%2Fv2%2Fcategories&post=7484"},{"taxonomy":"post_tag","embeddable":true,"href":"https:\/\/www.fundauney.org\/index.php?rest_route=%2Fwp%2Fv2%2Ftags&post=7484"}],"curies":[{"name":"wp","href":"https:\/\/api.w.org\/{rel}","templated":true}]}}